{"id":14476,"date":"2025-01-05T14:18:54","date_gmt":"2025-01-05T13:18:54","guid":{"rendered":"https:\/\/efg-klinga.de\/home\/?p=14476"},"modified":"2026-01-05T14:57:15","modified_gmt":"2026-01-05T13:57:15","slug":"musical25","status":"publish","type":"post","link":"https:\/\/efg-klinga.de\/home\/musical25\/","title":{"rendered":"Weihnachtsmusical Zeit f\u00fcr Wunder"},"content":{"rendered":"\t\t<div data-elementor-type=\"wp-post\" data-elementor-id=\"14476\" class=\"elementor elementor-14476\">\n\t\t\t\t\t\t<section class=\"elementor-section elementor-top-section elementor-element elementor-element-2c28fb62 elementor-section-boxed elementor-section-height-default elementor-section-height-default\" data-id=\"2c28fb62\" data-element_type=\"section\">\n\t\t\t\t\t\t<div class=\"elementor-container elementor-column-gap-default\">\n\t\t\t\t\t<div class=\"elementor-column elementor-col-100 elementor-top-column elementor-element elementor-element-1b069b76\" data-id=\"1b069b76\" data-element_type=\"column\">\n\t\t\t<div class=\"elementor-widget-wrap elementor-element-populated\">\n\t\t\t\t\t\t<div class=\"elementor-element elementor-element-74b55536 elementor-widget elementor-widget-text-editor\" data-id=\"74b55536\" data-element_type=\"widget\" data-widget_type=\"text-editor.default\">\n\t\t\t\t<div class=\"elementor-widget-container\">\n\t\t\t\t\t\t\t<div><p><i>Zwei Hirtenkinder erleben zuf\u00e4llig mit, wie ein Engel von der Geburt\u00a0Jesu berichtet. Dieses Wunder m\u00fcssen alle sehen! Aber wer wird ihnen<br \/>Glauben?<\/i><b><br \/><\/b><br \/>Die <b>KlingKids<\/b>, der Kinder- und Jugendchor aus Klinga, laden herzlich zu\u00a0den Auff\u00fchrungen ihres Weihnachtsmusicals ein. Dargeboten wird das<br \/>brandneue St\u00fcck aus der Feder von <b>Adonia: \u201eZeit f\u00fcr Wunder\u201c<\/b> \u2013 die\u00a0Weihnachtsgeschichte aus der Sicht zweier Hirtenkinder, den Blick<br \/>sch\u00e4rfend f\u00fcr die kleinen und gro\u00dfen Wunder in unserem Leben. Gemeinsam mit den <b>KlingTeens<\/b> und einer gro\u00dfen <b>Liveband<\/b> bringen <b>\u00fcber 40<\/b><\/p><p><b>Kinder und Jugendliche<\/b> das Musical mit mitrei\u00dfender Musik, packendem\u00a0Theater und schwungvollen T\u00e4nzen auf die B\u00fchne.\u00a0<\/p><p>Auf vielfachen Wunsch gibt es in diesem Jahr zwei Auff\u00fchrungen im Dorfgemeinschaftszentrum Klinga:<br \/>\u2022 <b>Samstag, 13. Dezember, 15:00 Uhr<\/b> \u2013 ideal f\u00fcr Familien mit Kindern<br \/>\u2022 <b>Sonntag, 14. Dezember, 10:30 Uhr<\/b> \u2013 perfekt f\u00fcr alle, die\u00a0es barrierefrei und etwas ruhiger m\u00f6gen und gerne bei Tageslicht den\u00a0Heimweg antreten wollen. <span style=\"color: #3366ff;\">F\u00fcr Sonntag bitten wir um eine <b>Anmeldung <\/b>\u00fcber <a style=\"color: #3366ff;\" href=\"https:\/\/www.cvents.eu\/de\/adonia-weihnachtsmusical-zeit-fuer-wunder-sonderauffuehrung-fuer-alle-die-im-alltag-zu-wenig-wundervolles-erleben-klinga-13122025\/\"><b>CEvents \u2197\ufe0f<\/b><\/a><\/span><\/p><p>Unterst\u00fctzt wird das Projekt vom Landkreis Leipzig und der Diakonie Leipziger Land.<br \/>Der Eintritt ist frei, um eine Spende f\u00fcr die Chorarbeit wird herzlich gebeten.<\/p><\/div>\t\t\t\t\t\t<\/div>\n\t\t\t\t<\/div>\n\t\t\t\t\t<\/div>\n\t\t<\/div>\n\t\t\t\t\t<\/div>\n\t\t<\/section>\n\t\t\t\t<section class=\"elementor-section elementor-top-section elementor-element elementor-element-2af83de elementor-section-boxed elementor-section-height-default elementor-section-height-default\" data-id=\"2af83de\" data-element_type=\"section\">\n\t\t\t\t\t\t<div class=\"elementor-container elementor-column-gap-default\">\n\t\t\t\t\t<div class=\"elementor-column elementor-col-100 elementor-top-column elementor-element elementor-element-54a04f5\" data-id=\"54a04f5\" data-element_type=\"column\">\n\t\t\t<div class=\"elementor-widget-wrap elementor-element-populated\">\n\t\t\t\t\t\t<div class=\"elementor-element elementor-element-ff6402d elementor-widget elementor-widget-image-gallery\" data-id=\"ff6402d\" data-element_type=\"widget\" data-widget_type=\"image-gallery.default\">\n\t\t\t\t<div class=\"elementor-widget-container\">\n\t\t\t\t\t<div class=\"elementor-image-gallery\">\n\t\t\t<div id='gallery-1' class='gallery galleryid-14476 gallery-columns-4 gallery-size-thumbnail'><figure class='gallery-item'>\n\t\t\t<div class='gallery-icon landscape'>\n\t\t\t\t<a data-elementor-open-lightbox=\"yes\" data-elementor-lightbox-slideshow=\"ff6402d\" data-elementor-lightbox-title=\"B\u00fchnenbild\" data-e-action-hash=\"#elementor-action%3Aaction%3Dlightbox%26settings%3DeyJpZCI6MTQ0ODIsInVybCI6Imh0dHBzOlwvXC9lZmcta2xpbmdhLmRlXC93cC1jb250ZW50XC91cGxvYWRzXC8yMDI1XC8xMVwvQnVlaG5lbmJpbGQtc2NhbGVkLmpwZyIsInNsaWRlc2hvdyI6ImZmNjQwMmQifQ%3D%3D\" href='https:\/\/efg-klinga.de\/wp-content\/uploads\/2025\/11\/Buehnenbild-scaled.jpg'><img decoding=\"async\" width=\"150\" height=\"150\" src=\"https:\/\/efg-klinga.de\/wp-content\/uploads\/2025\/11\/Buehnenbild-150x150.jpg\" class=\"attachment-thumbnail size-thumbnail\" alt=\"\" \/><\/a>\n\t\t\t<\/div><\/figure>\n\t\t<\/div>\n\t\t<\/div>\n\t\t\t\t<\/div>\n\t\t\t\t<\/div>\n\t\t\t\t\t<\/div>\n\t\t<\/div>\n\t\t\t\t\t<\/div>\n\t\t<\/section>\n\t\t\t\t<\/div>\n\t\t","protected":false},"excerpt":{"rendered":"<p>Zwei Hirtenkinder erleben zuf\u00e4llig mit, wie ein Engel von der&hellip;<\/p>\n<p> <a class=\"more-link\" href=\"https:\/\/efg-klinga.de\/home\/musical25\/\">Weiterlesen<\/a><\/p>\n","protected":false},"author":3,"featured_media":14477,"comment_status":"closed","ping_status":"closed","sticky":false,"template":"","format":"standard","meta":{"footnotes":""},"categories":[28],"tags":[],"class_list":{"0":"post-14476","1":"post","2":"type-post","3":"status-publish","4":"format-standard","5":"has-post-thumbnail","7":"category-klingkids"},"_links":{"self":[{"href":"https:\/\/efg-klinga.de\/home\/wp-json\/wp\/v2\/posts\/14476","targetHints":{"allow":["GET"]}}],"collection":[{"href":"https:\/\/efg-klinga.de\/home\/wp-json\/wp\/v2\/posts"}],"about":[{"href":"https:\/\/efg-klinga.de\/home\/wp-json\/wp\/v2\/types\/post"}],"author":[{"embeddable":true,"href":"https:\/\/efg-klinga.de\/home\/wp-json\/wp\/v2\/users\/3"}],"replies":[{"embeddable":true,"href":"https:\/\/efg-klinga.de\/home\/wp-json\/wp\/v2\/comments?post=14476"}],"version-history":[{"count":10,"href":"https:\/\/efg-klinga.de\/home\/wp-json\/wp\/v2\/posts\/14476\/revisions"}],"predecessor-version":[{"id":14492,"href":"https:\/\/efg-klinga.de\/home\/wp-json\/wp\/v2\/posts\/14476\/revisions\/14492"}],"wp:featuredmedia":[{"embeddable":true,"href":"https:\/\/efg-klinga.de\/home\/wp-json\/wp\/v2\/media\/14477"}],"wp:attachment":[{"href":"https:\/\/efg-klinga.de\/home\/wp-json\/wp\/v2\/media?parent=14476"}],"wp:term":[{"taxonomy":"category","embeddable":true,"href":"https:\/\/efg-klinga.de\/home\/wp-json\/wp\/v2\/categories?post=14476"},{"taxonomy":"post_tag","embeddable":true,"href":"https:\/\/efg-klinga.de\/home\/wp-json\/wp\/v2\/tags?post=14476"}],"curies":[{"name":"wp","href":"https:\/\/api.w.org\/{rel}","templated":true}]}}