{"id":14454,"date":"2025-10-08T21:47:58","date_gmt":"2025-10-08T19:47:58","guid":{"rendered":"https:\/\/efg-klinga.de\/home\/?p=14454"},"modified":"2025-10-21T19:23:25","modified_gmt":"2025-10-21T17:23:25","slug":"lichterfest-am-8-11-2025","status":"publish","type":"post","link":"https:\/\/efg-klinga.de\/home\/lichterfest-am-8-11-2025\/","title":{"rendered":"Lichterfest am 8.11.2025"},"content":{"rendered":"\t\t<div data-elementor-type=\"wp-post\" data-elementor-id=\"14454\" class=\"elementor elementor-14454\">\n\t\t\t\t\t\t<section class=\"elementor-section elementor-top-section elementor-element elementor-element-2c28fb62 elementor-section-boxed elementor-section-height-default elementor-section-height-default\" data-id=\"2c28fb62\" data-element_type=\"section\">\n\t\t\t\t\t\t<div class=\"elementor-container elementor-column-gap-default\">\n\t\t\t\t\t<div class=\"elementor-column elementor-col-100 elementor-top-column elementor-element elementor-element-1b069b76\" data-id=\"1b069b76\" data-element_type=\"column\">\n\t\t\t<div class=\"elementor-widget-wrap elementor-element-populated\">\n\t\t\t\t\t\t<div class=\"elementor-element elementor-element-74b55536 elementor-widget elementor-widget-text-editor\" data-id=\"74b55536\" data-element_type=\"widget\" data-widget_type=\"text-editor.default\">\n\t\t\t\t<div class=\"elementor-widget-container\">\n\t\t\t\t\t\t\t<div><p>Wenn die Tage k\u00fcrzer werden und die Dunkelheit fr\u00fcher hereinbricht, erstrahlt das Licht umso heller \u2013 und genau das feiern die KlingKids nun bereits zum zehnten Mal mit ihrem beliebten\u00a0<strong>Lichterfest<\/strong>! Am\u00a0<strong>Samstag<\/strong>, den\u00a0<strong>08.11.<\/strong>, \u00f6ffnen sich um die T\u00fcren des DGZ in Klinga f\u00fcr alle kleinen und gro\u00dfen G\u00e4ste.<\/p><p><br \/>Ihr k\u00f6nnt euch freuen auf einen leuchtenden Nachmittag mit:<br \/>\ud83c\udfb5 tiefgehenden Liedern von KlingKids und KlingTeens<br \/>\ud83d\udca1 motivierenden Perspektiven auf das Leben als SUDOKU<br \/>\ud83c\udfa8 zahlreichen Kreativ- und Bastelangeboten<br \/>\ud83e\udd68 k\u00f6stlichen Leckereien wie Reformationsbr\u00f6tchen<br \/>\ud83e\udd8b Kinderschminken<br \/>\ud83c\udf81 Benefizbasar f\u00fcr Weihnachten im Schuhkarton<br \/>\ud83c\udf84 Live-Bericht einer Beschenkten aus Moldawien<br \/>\ud83d\udd25 Feuerabend f\u00fcr die Teens<br \/>\ud83c\udfee und nat\u00fcrlich dem gro\u00dfen Lampionumzug mit der Feuerwehr<\/p><p>Kommt vorbei und werdet selbst zu Lichtern in der Dunkelheit.\u00a0<strong>Beginn ist 15.30 Uhr.<\/strong><\/p><\/div>\t\t\t\t\t\t<\/div>\n\t\t\t\t<\/div>\n\t\t\t\t\t<\/div>\n\t\t<\/div>\n\t\t\t\t\t<\/div>\n\t\t<\/section>\n\t\t\t\t<\/div>\n\t\t","protected":false},"excerpt":{"rendered":"<p>Wenn die Tage k\u00fcrzer werden und die Dunkelheit fr\u00fcher hereinbricht,&hellip;<\/p>\n<p> <a class=\"more-link\" href=\"https:\/\/efg-klinga.de\/home\/lichterfest-am-8-11-2025\/\">Weiterlesen<\/a><\/p>\n","protected":false},"author":2,"featured_media":14455,"comment_status":"closed","ping_status":"closed","sticky":false,"template":"","format":"standard","meta":{"footnotes":""},"categories":[28],"tags":[],"class_list":{"0":"post-14454","1":"post","2":"type-post","3":"status-publish","4":"format-standard","5":"has-post-thumbnail","7":"category-klingkids"},"_links":{"self":[{"href":"https:\/\/efg-klinga.de\/home\/wp-json\/wp\/v2\/posts\/14454","targetHints":{"allow":["GET"]}}],"collection":[{"href":"https:\/\/efg-klinga.de\/home\/wp-json\/wp\/v2\/posts"}],"about":[{"href":"https:\/\/efg-klinga.de\/home\/wp-json\/wp\/v2\/types\/post"}],"author":[{"embeddable":true,"href":"https:\/\/efg-klinga.de\/home\/wp-json\/wp\/v2\/users\/2"}],"replies":[{"embeddable":true,"href":"https:\/\/efg-klinga.de\/home\/wp-json\/wp\/v2\/comments?post=14454"}],"version-history":[{"count":6,"href":"https:\/\/efg-klinga.de\/home\/wp-json\/wp\/v2\/posts\/14454\/revisions"}],"predecessor-version":[{"id":14474,"href":"https:\/\/efg-klinga.de\/home\/wp-json\/wp\/v2\/posts\/14454\/revisions\/14474"}],"wp:featuredmedia":[{"embeddable":true,"href":"https:\/\/efg-klinga.de\/home\/wp-json\/wp\/v2\/media\/14455"}],"wp:attachment":[{"href":"https:\/\/efg-klinga.de\/home\/wp-json\/wp\/v2\/media?parent=14454"}],"wp:term":[{"taxonomy":"category","embeddable":true,"href":"https:\/\/efg-klinga.de\/home\/wp-json\/wp\/v2\/categories?post=14454"},{"taxonomy":"post_tag","embeddable":true,"href":"https:\/\/efg-klinga.de\/home\/wp-json\/wp\/v2\/tags?post=14454"}],"curies":[{"name":"wp","href":"https:\/\/api.w.org\/{rel}","templated":true}]}}