{"id":14397,"date":"2025-08-26T22:34:24","date_gmt":"2025-08-26T20:34:24","guid":{"rendered":"https:\/\/efg-klinga.de\/home\/?p=14397"},"modified":"2025-08-26T22:36:57","modified_gmt":"2025-08-26T20:36:57","slug":"musikalische-abendandacht-summer-edition","status":"publish","type":"post","link":"https:\/\/efg-klinga.de\/home\/musikalische-abendandacht-summer-edition\/","title":{"rendered":"Musikalische Abendandacht &#8211; Summer Edition"},"content":{"rendered":"\t\t<div data-elementor-type=\"wp-post\" data-elementor-id=\"14397\" class=\"elementor elementor-14397\">\n\t\t\t\t\t\t<section class=\"elementor-section elementor-top-section elementor-element elementor-element-3269d8d2 elementor-section-boxed elementor-section-height-default elementor-section-height-default\" data-id=\"3269d8d2\" data-element_type=\"section\">\n\t\t\t\t\t\t<div class=\"elementor-container elementor-column-gap-default\">\n\t\t\t\t\t<div class=\"elementor-column elementor-col-100 elementor-top-column elementor-element elementor-element-6fd200a9\" data-id=\"6fd200a9\" data-element_type=\"column\">\n\t\t\t<div class=\"elementor-widget-wrap elementor-element-populated\">\n\t\t\t\t\t\t<div class=\"elementor-element elementor-element-5c8a9ef1 elementor-widget elementor-widget-text-editor\" data-id=\"5c8a9ef1\" data-element_type=\"widget\" data-widget_type=\"text-editor.default\">\n\t\t\t\t<div class=\"elementor-widget-container\">\n\t\t\t\t\t\t\t<p>Locker, leicht und ganz anders: Am Sonntag, den <strong>31. August, um 17 Uhr<\/strong> laden wir zur n\u00e4chsten \u201eMusikalischen Abendandacht\u201c in die Klingaer Kirche ein. Dieses Mal erwartet die Besucher eine besondere \u201eSummer Edition\u201c, fast komplett unplugged. Eine bunt gemischte Liveband sorgt f\u00fcr abwechslungsreiche Musik \u2013 mal entspannt, mal mitrei\u00dfend \u2013 und l\u00e4dt zum Mitsingen ein.<\/p><p>Die Lieder drehen sich um die Freude und Leichtigkeit des Lebens, passend zur sommerlichen Stimmung, und werden erg\u00e4nzt durch Gedankenanst\u00f6\u00dfe von Pastor Patrick Richter. Wie sich so ein Wohnzimmerkonzert inmitten der alten Kirche anf\u00fchlt, darf jeder selbst vor Ort entdecken. Der Eintritt ist wie immer frei \u2013 Spenden sind herzlich willkommen.<\/p>\t\t\t\t\t\t<\/div>\n\t\t\t\t<\/div>\n\t\t\t\t<div class=\"elementor-element elementor-element-e9044b8 elementor-widget elementor-widget-image\" data-id=\"e9044b8\" data-element_type=\"widget\" data-widget_type=\"image.default\">\n\t\t\t\t<div class=\"elementor-widget-container\">\n\t\t\t\t\t\t\t\t\t\t\t\t\t<img fetchpriority=\"high\" decoding=\"async\" width=\"724\" height=\"1024\" src=\"https:\/\/efg-klinga.de\/wp-content\/uploads\/2025\/08\/FlyerMusAbAn8-25-724x1024.jpg\" class=\"attachment-large size-large wp-image-14400\" alt=\"\" srcset=\"https:\/\/efg-klinga.de\/wp-content\/uploads\/2025\/08\/FlyerMusAbAn8-25-724x1024.jpg 724w, https:\/\/efg-klinga.de\/wp-content\/uploads\/2025\/08\/FlyerMusAbAn8-25-212x300.jpg 212w, https:\/\/efg-klinga.de\/wp-content\/uploads\/2025\/08\/FlyerMusAbAn8-25-768x1085.jpg 768w, https:\/\/efg-klinga.de\/wp-content\/uploads\/2025\/08\/FlyerMusAbAn8-25-1087x1536.jpg 1087w, https:\/\/efg-klinga.de\/wp-content\/uploads\/2025\/08\/FlyerMusAbAn8-25-1449x2048.jpg 1449w, https:\/\/efg-klinga.de\/wp-content\/uploads\/2025\/08\/FlyerMusAbAn8-25-scaled.jpg 1811w\" sizes=\"(max-width: 724px) 100vw, 724px\" \/>\t\t\t\t\t\t\t\t\t\t\t\t\t<\/div>\n\t\t\t\t<\/div>\n\t\t\t\t\t<\/div>\n\t\t<\/div>\n\t\t\t\t\t<\/div>\n\t\t<\/section>\n\t\t\t\t<\/div>\n\t\t","protected":false},"excerpt":{"rendered":"<p>Locker, leicht und ganz anders: Am Sonntag, den 31. August,&hellip;<\/p>\n<p> <a class=\"more-link\" href=\"https:\/\/efg-klinga.de\/home\/musikalische-abendandacht-summer-edition\/\">Weiterlesen<\/a><\/p>\n","protected":false},"author":2,"featured_media":14400,"comment_status":"closed","ping_status":"closed","sticky":false,"template":"","format":"standard","meta":{"footnotes":""},"categories":[35],"tags":[],"class_list":{"0":"post-14397","1":"post","2":"type-post","3":"status-publish","4":"format-standard","5":"has-post-thumbnail","7":"category-klingtogether"},"_links":{"self":[{"href":"https:\/\/efg-klinga.de\/home\/wp-json\/wp\/v2\/posts\/14397","targetHints":{"allow":["GET"]}}],"collection":[{"href":"https:\/\/efg-klinga.de\/home\/wp-json\/wp\/v2\/posts"}],"about":[{"href":"https:\/\/efg-klinga.de\/home\/wp-json\/wp\/v2\/types\/post"}],"author":[{"embeddable":true,"href":"https:\/\/efg-klinga.de\/home\/wp-json\/wp\/v2\/users\/2"}],"replies":[{"embeddable":true,"href":"https:\/\/efg-klinga.de\/home\/wp-json\/wp\/v2\/comments?post=14397"}],"version-history":[{"count":4,"href":"https:\/\/efg-klinga.de\/home\/wp-json\/wp\/v2\/posts\/14397\/revisions"}],"predecessor-version":[{"id":14403,"href":"https:\/\/efg-klinga.de\/home\/wp-json\/wp\/v2\/posts\/14397\/revisions\/14403"}],"wp:featuredmedia":[{"embeddable":true,"href":"https:\/\/efg-klinga.de\/home\/wp-json\/wp\/v2\/media\/14400"}],"wp:attachment":[{"href":"https:\/\/efg-klinga.de\/home\/wp-json\/wp\/v2\/media?parent=14397"}],"wp:term":[{"taxonomy":"category","embeddable":true,"href":"https:\/\/efg-klinga.de\/home\/wp-json\/wp\/v2\/categories?post=14397"},{"taxonomy":"post_tag","embeddable":true,"href":"https:\/\/efg-klinga.de\/home\/wp-json\/wp\/v2\/tags?post=14397"}],"curies":[{"name":"wp","href":"https:\/\/api.w.org\/{rel}","templated":true}]}}