{"id":13720,"date":"2024-11-01T00:06:19","date_gmt":"2024-10-31T23:06:19","guid":{"rendered":"http:\/\/efg-klinga.de\/home\/?p=13720"},"modified":"2024-11-24T00:06:47","modified_gmt":"2024-11-23T23:06:47","slug":"lichterfest-2024","status":"publish","type":"post","link":"https:\/\/efg-klinga.de\/home\/lichterfest-2024\/","title":{"rendered":"R\u00fcckblick: Lichterfest 2024"},"content":{"rendered":"<div class=\"clearfix\">\n<blockquote class=\"donation-callout\"><p><strong>KlingKids:<\/strong> Das ist der Kinder- und Jugendchor der EFG Klinga. Sowohl die Teilnahme als auch die Veranstaltungen sind kostenlos. Wenn du diese Arbeit unterst\u00fctzen m\u00f6chtest, beispielsweise um die n\u00f6tige Technik zu finanzieren, <strong><a href=\"https:\/\/efg-klinga.de\/spenden\/\">freuen wir uns \u00fcber deine Spende<\/a>.<\/strong><\/p><\/blockquote>\n<p>&#8222;Leere Dunkelheit, schwer und kalt und nichts &#8211; nichts als nichts&#8230;&#8220; Diese ersten Worte eines Liedes aus dem neuesten Adonia-Musical &#8222;Die Sch\u00f6pfung&#8220; beschreiben bei so manchem die Stimmung, wenn der Herbst mit seinen nassgrauen und stetig k\u00fcrzer werdenden Tagen Einzug h\u00e4lt &#8211; die <strong>KlingKids<\/strong> setzen allj\u00e4hrlich mit ihrem <strong>Lichterfest<\/strong> ein klares Zeichen der Hoffnung. &#8222;Licht, es werde Licht!&#8220;, hei\u00dft es n\u00e4mlich kurz darauf in diesem Lied. Und mit dem Licht kommt die Hoffnung, dass auch diese dunkle Jahreszeit irgendwann vorbeisein wird.<\/p>\n<\/div>\n<div class=\"wp-playlist wp-video-playlist wp-playlist-light\">\n\t\t<video controls=\"controls\" preload=\"none\" width=\"778\"\n\t\t height=\"440\"\t><\/video>\n\t<div class=\"wp-playlist-next\"><\/div>\n\t<div class=\"wp-playlist-prev\"><\/div>\n\t<noscript>\n\t<ol>\n\t\t<li><a href='https:\/\/efg-klinga.de\/wp-content\/uploads\/2024\/11\/Lichterfest2024-Watching-over-me.mp4'>Lichterfest2024 - Watching over me<\/a><\/li><li><a href='https:\/\/efg-klinga.de\/wp-content\/uploads\/2024\/11\/Lichterfest2024-Gottes-Hand.mp4'>Lichterfest2024 - Gottes Hand<\/a><\/li>\t<\/ol>\n\t<\/noscript>\n\t<script type=\"application\/json\" class=\"wp-playlist-script\">{\"type\":\"video\",\"tracklist\":true,\"tracknumbers\":true,\"images\":true,\"artists\":true,\"tracks\":[{\"src\":\"https:\/\/efg-klinga.de\/wp-content\/uploads\/2024\/11\/Lichterfest2024-Watching-over-me.mp4\",\"type\":\"video\/mp4\",\"title\":\"Lichterfest2024 - Watching over me\",\"caption\":\"\",\"description\":\"\",\"meta\":{\"length_formatted\":\"2:10\"},\"dimensions\":{\"original\":{\"width\":848,\"height\":480},\"resized\":{\"width\":778,\"height\":440}},\"image\":{\"src\":\"https:\/\/efg-klinga.de\/wp-includes\/images\/media\/video.svg\",\"width\":48,\"height\":64},\"thumb\":{\"src\":\"https:\/\/efg-klinga.de\/wp-includes\/images\/media\/video.svg\",\"width\":48,\"height\":64}},{\"src\":\"https:\/\/efg-klinga.de\/wp-content\/uploads\/2024\/11\/Lichterfest2024-Gottes-Hand.mp4\",\"type\":\"video\/mp4\",\"title\":\"Lichterfest2024 - Gottes Hand\",\"caption\":\"\",\"description\":\"\",\"meta\":{\"length_formatted\":\"3:08\"},\"dimensions\":{\"original\":{\"width\":848,\"height\":480},\"resized\":{\"width\":778,\"height\":440}},\"image\":{\"src\":\"https:\/\/efg-klinga.de\/wp-includes\/images\/media\/video.svg\",\"width\":48,\"height\":64},\"thumb\":{\"src\":\"https:\/\/efg-klinga.de\/wp-includes\/images\/media\/video.svg\",\"width\":48,\"height\":64}}]}<\/script>\n<\/div>\n\t\n<p><strong>A<\/strong><b>m Reformationstag<\/b>, den<b> 31.10.2024<\/b>, lud unser Kinderchor <strong>KlingKids <\/strong>in guter Tradition Jung und Alt <b>um 15:30 Uhr <\/b>zu einem fr\u00f6hlichen und abwechslungsreichen Programm ins Klingaer <b>Dorfgemeinschaftszentrum <\/b>ein. Zu Beginn der dunklen Jahreszeit und an einem Tag, an dem immer mehr Menschen das D\u00fcstere, B\u00f6se und Be\u00e4ngstigende feiern, wollten sie ein Zeichen f\u00fcr das Licht, die W\u00e4rme und die Hoffnung zu setzen.<\/p>\n<p>\u00dcber 30 Kinder und Jugendliche zwischen 3 und 17 Jahren boten dem mehr als 160-k\u00f6pfigen Publikum ein gut einst\u00fcndiges B\u00fchnenprogramm, dessen Bandbreite von Gospel- und Worshipliedern \u00fcber St\u00fccke aus Adonia-Musicals bis hin zu bekannten Radiohits rund im das Thema &#8222;Licht finden und Licht sein&#8220; reichte. Zahlreiche Solisten, Requisiten, Tanz und Choreografien sorgten f\u00fcr viel Abwechslung. Begleitet wurde der 2015 gegr\u00fcndete Chor von einer Liveband aus Klavier, Gitarren und Schlagzeug sowie einem Ensemble aus Saxophon, Klarinette, Querfl\u00f6ten, Cello und Geige \u2013 nat\u00fcrlich ebenfalls gespielt von Kids und Teens aus dem Chor.<\/p>\n<p>Nach dem musikalischen Programm luden verschiedene Bastelstationen die gro\u00dfen und kleinen Besucher ein, Laternen oder herbstliche Dekoration zu basteln \u2013 f\u00fcr jedes Alter und jeden Geschmack war etwas dabei. Die B\u00e4ckerei aus dem Nachbarort sponsorte vor Ort gebackene Reformationsbr\u00f6tchen und am Fingerfoodbuffet konnte man sich bei guten Gespr\u00e4chen in jeder Hinsicht st\u00e4rken. W\u00e4hrend die Kita- und Grundschulkinder ihren durch die freiwillige Feuerwehr des Ortes abgesicherten Lampionumzug durchs Dorf antraten, l\u00f6sten die Gr\u00f6\u00dferen einen spannenden Escape-Room-Krimi im Dunklen.<\/p>\n<p><img fetchpriority=\"high\" decoding=\"async\" src=\"http:\/\/efg-klinga.de\/wp-content\/uploads\/2024\/08\/Folie1.jpg\" sizes=\"(max-width: 378px) 100vw, 378px\" srcset=\"http:\/\/efg-klinga.de\/wp-content\/uploads\/2024\/08\/Folie1.jpg 378w, http:\/\/efg-klinga.de\/wp-content\/uploads\/2024\/08\/Folie1-142x300.jpg 142w\" alt=\"\" width=\"378\" height=\"801\" \/><img decoding=\"async\" src=\"http:\/\/efg-klinga.de\/wp-content\/uploads\/2024\/08\/Folie2.jpg\" sizes=\"(max-width: 378px) 100vw, 378px\" srcset=\"http:\/\/efg-klinga.de\/wp-content\/uploads\/2024\/08\/Folie2.jpg 378w, http:\/\/efg-klinga.de\/wp-content\/uploads\/2024\/08\/Folie2-142x300.jpg 142w\" alt=\"\" width=\"378\" height=\"801\" \/><\/p>\n<p>Wir freuen uns und sind dankbar, dass das Lichterfest teilweise durch das Sponsoring von enviaM finanziert werden konnte.<\/p>\n<p><a href=\"https:\/\/www.enviam.de\/ResourcePackages\/rdVertrieb\/assets\/dist\/images\/enviaM_Logo.svg\"><img decoding=\"async\" class=\"alignnone\" src=\"https:\/\/www.enviam.de\/ResourcePackages\/rdVertrieb\/assets\/dist\/images\/enviaM_Logo.svg\" alt=\"enviaM Logo\" width=\"254\" height=\"150\" \/><\/a><\/p>\n<p>Vielen Dank <a href=\"https:\/\/www.instagram.com\/enviam_gruppe\/\">@enviam_gruppe<\/a> (Link zur Instagram-Seite, enviaM gibt es aber auch bei <a href=\"https:\/\/www.facebook.com\/enviaM\/\">Facebook<\/a>).<\/p>\n<p>Auch der <a href=\"https:\/\/epaper.sachsen-sonntag.de\/webreader-v3\/index.html#\/1051784\/3\" target=\"_blank\" rel=\"noopener\">SachsenSonntag <\/a>berichtete.<\/p>\n","protected":false},"excerpt":{"rendered":"<p>KlingKids: Das ist der Kinder- und Jugendchor der EFG Klinga.&hellip;<\/p>\n<p> <a class=\"more-link\" href=\"https:\/\/efg-klinga.de\/home\/lichterfest-2024\/\">Weiterlesen<\/a><\/p>\n","protected":false},"author":2,"featured_media":13722,"comment_status":"closed","ping_status":"closed","sticky":false,"template":"","format":"standard","meta":{"footnotes":""},"categories":[28],"tags":[],"class_list":{"0":"post-13720","1":"post","2":"type-post","3":"status-publish","4":"format-standard","5":"has-post-thumbnail","7":"category-klingkids"},"_links":{"self":[{"href":"https:\/\/efg-klinga.de\/home\/wp-json\/wp\/v2\/posts\/13720","targetHints":{"allow":["GET"]}}],"collection":[{"href":"https:\/\/efg-klinga.de\/home\/wp-json\/wp\/v2\/posts"}],"about":[{"href":"https:\/\/efg-klinga.de\/home\/wp-json\/wp\/v2\/types\/post"}],"author":[{"embeddable":true,"href":"https:\/\/efg-klinga.de\/home\/wp-json\/wp\/v2\/users\/2"}],"replies":[{"embeddable":true,"href":"https:\/\/efg-klinga.de\/home\/wp-json\/wp\/v2\/comments?post=13720"}],"version-history":[{"count":10,"href":"https:\/\/efg-klinga.de\/home\/wp-json\/wp\/v2\/posts\/13720\/revisions"}],"predecessor-version":[{"id":14067,"href":"https:\/\/efg-klinga.de\/home\/wp-json\/wp\/v2\/posts\/13720\/revisions\/14067"}],"wp:featuredmedia":[{"embeddable":true,"href":"https:\/\/efg-klinga.de\/home\/wp-json\/wp\/v2\/media\/13722"}],"wp:attachment":[{"href":"https:\/\/efg-klinga.de\/home\/wp-json\/wp\/v2\/media?parent=13720"}],"wp:term":[{"taxonomy":"category","embeddable":true,"href":"https:\/\/efg-klinga.de\/home\/wp-json\/wp\/v2\/categories?post=13720"},{"taxonomy":"post_tag","embeddable":true,"href":"https:\/\/efg-klinga.de\/home\/wp-json\/wp\/v2\/tags?post=13720"}],"curies":[{"name":"wp","href":"https:\/\/api.w.org\/{rel}","templated":true}]}}