{"id":13688,"date":"2024-08-01T15:18:33","date_gmt":"2024-08-01T13:18:33","guid":{"rendered":"http:\/\/efg-klinga.de\/home\/?p=13688"},"modified":"2024-08-01T15:21:33","modified_gmt":"2024-08-01T13:21:33","slug":"klingstart-2024","status":"publish","type":"post","link":"https:\/\/efg-klinga.de\/home\/klingstart-2024\/","title":{"rendered":"KlingStart 2024"},"content":{"rendered":"\t\t<div data-elementor-type=\"wp-post\" data-elementor-id=\"13688\" class=\"elementor elementor-13688\">\n\t\t\t\t\t\t<section class=\"elementor-section elementor-top-section elementor-element elementor-element-25f3a309 elementor-section-boxed elementor-section-height-default elementor-section-height-default\" data-id=\"25f3a309\" data-element_type=\"section\">\n\t\t\t\t\t\t<div class=\"elementor-container elementor-column-gap-default\">\n\t\t\t\t\t<div class=\"elementor-column elementor-col-100 elementor-top-column elementor-element elementor-element-76f51425\" data-id=\"76f51425\" data-element_type=\"column\">\n\t\t\t<div class=\"elementor-widget-wrap elementor-element-populated\">\n\t\t\t\t\t\t<div class=\"elementor-element elementor-element-684d81b0 elementor-widget elementor-widget-text-editor\" data-id=\"684d81b0\" data-element_type=\"widget\" data-widget_type=\"text-editor.default\">\n\t\t\t\t<div class=\"elementor-widget-container\">\n\t\t\t\t\t\t\t<p>Am <b>Sonntag, den 11. August, <\/b>laden die KlingKids<b> von 13 bis 16 Uhr<\/b> zu einem gro\u00dfen Familienfest ein, um den Start des neuen Schuljahres zu feiern. Wir freuen uns auf ein buntes Rahmenprogramm mit Kinderschminken, Kreativstation, H\u00fcpfburg, Musik und vielem mehr, das zur Gemeinschaft der Familien nach der Sommerpause einl\u00e4dt. Um 14 Uhr pr\u00e4sentieren die Kids und Teens ihr musikalisches KlingStart-Programm f\u00fcr alle Neuanf\u00e4nger. Jung und Alt sind herzlich willkommen, und auch hier ist der&nbsp;Eintritt&nbsp;frei.<\/p>\t\t\t\t\t\t<\/div>\n\t\t\t\t<\/div>\n\t\t\t\t\t<\/div>\n\t\t<\/div>\n\t\t\t\t\t<\/div>\n\t\t<\/section>\n\t\t\t\t<section class=\"elementor-section elementor-top-section elementor-element elementor-element-583b348 elementor-section-boxed elementor-section-height-default elementor-section-height-default\" data-id=\"583b348\" data-element_type=\"section\">\n\t\t\t\t\t\t<div class=\"elementor-container elementor-column-gap-default\">\n\t\t\t\t\t<div class=\"elementor-column elementor-col-100 elementor-top-column elementor-element elementor-element-511658f\" data-id=\"511658f\" data-element_type=\"column\">\n\t\t\t<div class=\"elementor-widget-wrap elementor-element-populated\">\n\t\t\t\t\t\t<div class=\"elementor-element elementor-element-e9dd800 elementor-widget elementor-widget-image\" data-id=\"e9dd800\" data-element_type=\"widget\" data-widget_type=\"image.default\">\n\t\t\t\t<div class=\"elementor-widget-container\">\n\t\t\t\t\t\t\t\t\t\t\t\t\t<img fetchpriority=\"high\" decoding=\"async\" width=\"483\" height=\"1024\" src=\"https:\/\/efg-klinga.de\/wp-content\/uploads\/2024\/08\/240628_flyer_KlingStart-483x1024.jpg\" class=\"attachment-large size-large wp-image-13690\" alt=\"\" srcset=\"https:\/\/efg-klinga.de\/wp-content\/uploads\/2024\/08\/240628_flyer_KlingStart-483x1024.jpg 483w, https:\/\/efg-klinga.de\/wp-content\/uploads\/2024\/08\/240628_flyer_KlingStart-142x300.jpg 142w, https:\/\/efg-klinga.de\/wp-content\/uploads\/2024\/08\/240628_flyer_KlingStart-768x1628.jpg 768w, https:\/\/efg-klinga.de\/wp-content\/uploads\/2024\/08\/240628_flyer_KlingStart-725x1536.jpg 725w, https:\/\/efg-klinga.de\/wp-content\/uploads\/2024\/08\/240628_flyer_KlingStart-966x2048.jpg 966w, https:\/\/efg-klinga.de\/wp-content\/uploads\/2024\/08\/240628_flyer_KlingStart.jpg 1181w\" sizes=\"(max-width: 483px) 100vw, 483px\" \/>\t\t\t\t\t\t\t\t\t\t\t\t\t<\/div>\n\t\t\t\t<\/div>\n\t\t\t\t\t<\/div>\n\t\t<\/div>\n\t\t\t\t\t<\/div>\n\t\t<\/section>\n\t\t\t\t<\/div>\n\t\t","protected":false},"excerpt":{"rendered":"<p>Am Sonntag, den 11. August, laden die KlingKids von 13&hellip;<\/p>\n<p> <a class=\"more-link\" href=\"https:\/\/efg-klinga.de\/home\/klingstart-2024\/\">Weiterlesen<\/a><\/p>\n","protected":false},"author":2,"featured_media":13691,"comment_status":"closed","ping_status":"closed","sticky":false,"template":"","format":"standard","meta":{"footnotes":""},"categories":[32,28],"tags":[],"class_list":{"0":"post-13688","1":"post","2":"type-post","3":"status-publish","4":"format-standard","5":"has-post-thumbnail","7":"category-allgemeines","8":"category-klingkids"},"_links":{"self":[{"href":"https:\/\/efg-klinga.de\/home\/wp-json\/wp\/v2\/posts\/13688","targetHints":{"allow":["GET"]}}],"collection":[{"href":"https:\/\/efg-klinga.de\/home\/wp-json\/wp\/v2\/posts"}],"about":[{"href":"https:\/\/efg-klinga.de\/home\/wp-json\/wp\/v2\/types\/post"}],"author":[{"embeddable":true,"href":"https:\/\/efg-klinga.de\/home\/wp-json\/wp\/v2\/users\/2"}],"replies":[{"embeddable":true,"href":"https:\/\/efg-klinga.de\/home\/wp-json\/wp\/v2\/comments?post=13688"}],"version-history":[{"count":4,"href":"https:\/\/efg-klinga.de\/home\/wp-json\/wp\/v2\/posts\/13688\/revisions"}],"predecessor-version":[{"id":13694,"href":"https:\/\/efg-klinga.de\/home\/wp-json\/wp\/v2\/posts\/13688\/revisions\/13694"}],"wp:featuredmedia":[{"embeddable":true,"href":"https:\/\/efg-klinga.de\/home\/wp-json\/wp\/v2\/media\/13691"}],"wp:attachment":[{"href":"https:\/\/efg-klinga.de\/home\/wp-json\/wp\/v2\/media?parent=13688"}],"wp:term":[{"taxonomy":"category","embeddable":true,"href":"https:\/\/efg-klinga.de\/home\/wp-json\/wp\/v2\/categories?post=13688"},{"taxonomy":"post_tag","embeddable":true,"href":"https:\/\/efg-klinga.de\/home\/wp-json\/wp\/v2\/tags?post=13688"}],"curies":[{"name":"wp","href":"https:\/\/api.w.org\/{rel}","templated":true}]}}