{"id":13640,"date":"2023-12-04T15:20:04","date_gmt":"2023-12-04T14:20:04","guid":{"rendered":"http:\/\/efg-klinga.de\/home\/?p=13640"},"modified":"2023-12-04T15:21:38","modified_gmt":"2023-12-04T14:21:38","slug":"weihnachtsmusical-2023","status":"publish","type":"post","link":"https:\/\/efg-klinga.de\/home\/weihnachtsmusical-2023\/","title":{"rendered":"Weihnachtsmusical 2023"},"content":{"rendered":"\n<p class=\"wp-block-paragraph\">In den H\u00fcgeln um Bethlehem treiben sich R\u00e4uber herum und klauen den personell \u00fcberlasteten Hirten ihr bestes Lamm. Bis sie es gewinnbringend verkaufen k\u00f6nnen, verstecken sie es in einem verlassenen Stall. Doch da steht pl\u00f6tzlich ein junges Paar vor der T\u00fcr. Kommt jetzt alles raus?<\/p>\n\n\n\n<p class=\"wp-block-paragraph\">Das neue Weihnachtsmusical von Adonia bringen die KlingKids <strong>am Samstag, den 16.12.2023, um 15 Uhr<\/strong> auf die B\u00fchne des Dorfgemeinschaftszentrums Klinga. Mit Chor- und Sologesang, Tanz und Schauspiel sowie Live-Musik unserer TeensBand erz\u00e4hlen die KlingKids eine spannende Geschichte \u00fcber Fehler, schlechtes Gewissen und Vers\u00f6hnung.<\/p>\n\n\n\n<figure class=\"wp-block-image size-large\"><img fetchpriority=\"high\" decoding=\"async\" width=\"720\" height=\"1040\" src=\"http:\/\/efg-klinga.de\/wp-content\/uploads\/2023\/12\/IMG-20231201-WA0002-720x1040.jpg\" alt=\"\" class=\"wp-image-13638\"\/><\/figure>\n\n\n\n<p class=\"wp-block-paragraph\">Der Eintritt ist wie immer frei, die KlingKids freuen sich aber \u00fcber Spenden zur Finanzierung der Chorarbeit.<\/p>\n","protected":false},"excerpt":{"rendered":"<p>In den H\u00fcgeln um Bethlehem treiben sich R\u00e4uber herum und&hellip;<\/p>\n<p> <a class=\"more-link\" href=\"https:\/\/efg-klinga.de\/home\/weihnachtsmusical-2023\/\">Weiterlesen<\/a><\/p>\n","protected":false},"author":2,"featured_media":13639,"comment_status":"open","ping_status":"open","sticky":false,"template":"","format":"standard","meta":{"footnotes":""},"categories":[28],"tags":[],"class_list":["post-13640","post","type-post","status-publish","format-standard","has-post-thumbnail","category-klingkids"],"_links":{"self":[{"href":"https:\/\/efg-klinga.de\/home\/wp-json\/wp\/v2\/posts\/13640","targetHints":{"allow":["GET"]}}],"collection":[{"href":"https:\/\/efg-klinga.de\/home\/wp-json\/wp\/v2\/posts"}],"about":[{"href":"https:\/\/efg-klinga.de\/home\/wp-json\/wp\/v2\/types\/post"}],"author":[{"embeddable":true,"href":"https:\/\/efg-klinga.de\/home\/wp-json\/wp\/v2\/users\/2"}],"replies":[{"embeddable":true,"href":"https:\/\/efg-klinga.de\/home\/wp-json\/wp\/v2\/comments?post=13640"}],"version-history":[{"count":2,"href":"https:\/\/efg-klinga.de\/home\/wp-json\/wp\/v2\/posts\/13640\/revisions"}],"predecessor-version":[{"id":13642,"href":"https:\/\/efg-klinga.de\/home\/wp-json\/wp\/v2\/posts\/13640\/revisions\/13642"}],"wp:featuredmedia":[{"embeddable":true,"href":"https:\/\/efg-klinga.de\/home\/wp-json\/wp\/v2\/media\/13639"}],"wp:attachment":[{"href":"https:\/\/efg-klinga.de\/home\/wp-json\/wp\/v2\/media?parent=13640"}],"wp:term":[{"taxonomy":"category","embeddable":true,"href":"https:\/\/efg-klinga.de\/home\/wp-json\/wp\/v2\/categories?post=13640"},{"taxonomy":"post_tag","embeddable":true,"href":"https:\/\/efg-klinga.de\/home\/wp-json\/wp\/v2\/tags?post=13640"}],"curies":[{"name":"wp","href":"https:\/\/api.w.org\/{rel}","templated":true}]}}