{"id":13215,"date":"2023-01-13T17:10:39","date_gmt":"2023-01-13T16:10:39","guid":{"rendered":"http:\/\/efg-klinga.de\/home\/?p=13215"},"modified":"2023-01-13T17:37:42","modified_gmt":"2023-01-13T16:37:42","slug":"gospelabend-am-28-1-23","status":"publish","type":"post","link":"https:\/\/efg-klinga.de\/home\/gospelabend-am-28-1-23\/","title":{"rendered":"Gospelabend am 28.1.23"},"content":{"rendered":"\t\t<div data-elementor-type=\"wp-post\" data-elementor-id=\"13215\" class=\"elementor elementor-13215\">\n\t\t\t\t\t\t<section class=\"elementor-section elementor-top-section elementor-element elementor-element-55984fed elementor-section-boxed elementor-section-height-default elementor-section-height-default\" data-id=\"55984fed\" data-element_type=\"section\">\n\t\t\t\t\t\t<div class=\"elementor-container elementor-column-gap-default\">\n\t\t\t\t\t<div class=\"elementor-column elementor-col-100 elementor-top-column elementor-element elementor-element-2212318c\" data-id=\"2212318c\" data-element_type=\"column\">\n\t\t\t<div class=\"elementor-widget-wrap elementor-element-populated\">\n\t\t\t\t\t\t<div class=\"elementor-element elementor-element-2e38b127 elementor-widget elementor-widget-text-editor\" data-id=\"2e38b127\" data-element_type=\"widget\" data-widget_type=\"text-editor.default\">\n\t\t\t\t<div class=\"elementor-widget-container\">\n\t\t\t\t\t\t\t<p>Beim n\u00e4chsten Gospelabend sind die KlingSingers in der ELIM-Gemeinde Grimma zu Gast und bringen einen bunten Querschnitt durch ihr Gospelrepertoire auf die B\u00fchne. Los geht es a<b>m Samstag, den 28. Januar 2023, um 19 Uhr in den Gemeinder\u00e4umen in der Colditzer Stra\u00dfe 5 in Grimma. <\/b>Wie immer ist der Eintritt frei.<\/p>\t\t\t\t\t\t<\/div>\n\t\t\t\t<\/div>\n\t\t\t\t<div class=\"elementor-element elementor-element-9b80249 elementor-widget elementor-widget-google_maps\" data-id=\"9b80249\" data-element_type=\"widget\" data-widget_type=\"google_maps.default\">\n\t\t\t\t<div class=\"elementor-widget-container\">\n\t\t\t\t\t<div class=\"elementor-custom-embed\">\n\t\t\t<iframe loading=\"lazy\"\n\t\t\t\t\tsrc=\"https:\/\/maps.google.com\/maps?q=Colditzer%20Stra%C3%9Fe%205%2C%2004668%20Grimma&#038;t=m&#038;z=15&#038;output=embed&#038;iwloc=near\"\n\t\t\t\t\ttitle=\"Colditzer Stra\u00dfe 5, 04668 Grimma\"\n\t\t\t\t\taria-label=\"Colditzer Stra\u00dfe 5, 04668 Grimma\"\n\t\t\t><\/iframe>\n\t\t<\/div>\n\t\t\t\t<\/div>\n\t\t\t\t<\/div>\n\t\t\t\t\t<\/div>\n\t\t<\/div>\n\t\t\t\t\t<\/div>\n\t\t<\/section>\n\t\t\t\t<\/div>\n\t\t","protected":false},"excerpt":{"rendered":"<p>Beim n\u00e4chsten Gospelabend sind die KlingSingers in der ELIM-Gemeinde Grimma&hellip;<\/p>\n<p> <a class=\"more-link\" href=\"https:\/\/efg-klinga.de\/home\/gospelabend-am-28-1-23\/\">Weiterlesen<\/a><\/p>\n","protected":false},"author":2,"featured_media":13228,"comment_status":"closed","ping_status":"closed","sticky":false,"template":"","format":"standard","meta":{"footnotes":""},"categories":[29],"tags":[],"class_list":{"0":"post-13215","1":"post","2":"type-post","3":"status-publish","4":"format-standard","5":"has-post-thumbnail","7":"category-klingsingers"},"_links":{"self":[{"href":"https:\/\/efg-klinga.de\/home\/wp-json\/wp\/v2\/posts\/13215","targetHints":{"allow":["GET"]}}],"collection":[{"href":"https:\/\/efg-klinga.de\/home\/wp-json\/wp\/v2\/posts"}],"about":[{"href":"https:\/\/efg-klinga.de\/home\/wp-json\/wp\/v2\/types\/post"}],"author":[{"embeddable":true,"href":"https:\/\/efg-klinga.de\/home\/wp-json\/wp\/v2\/users\/2"}],"replies":[{"embeddable":true,"href":"https:\/\/efg-klinga.de\/home\/wp-json\/wp\/v2\/comments?post=13215"}],"version-history":[{"count":8,"href":"https:\/\/efg-klinga.de\/home\/wp-json\/wp\/v2\/posts\/13215\/revisions"}],"predecessor-version":[{"id":13235,"href":"https:\/\/efg-klinga.de\/home\/wp-json\/wp\/v2\/posts\/13215\/revisions\/13235"}],"wp:featuredmedia":[{"embeddable":true,"href":"https:\/\/efg-klinga.de\/home\/wp-json\/wp\/v2\/media\/13228"}],"wp:attachment":[{"href":"https:\/\/efg-klinga.de\/home\/wp-json\/wp\/v2\/media?parent=13215"}],"wp:term":[{"taxonomy":"category","embeddable":true,"href":"https:\/\/efg-klinga.de\/home\/wp-json\/wp\/v2\/categories?post=13215"},{"taxonomy":"post_tag","embeddable":true,"href":"https:\/\/efg-klinga.de\/home\/wp-json\/wp\/v2\/tags?post=13215"}],"curies":[{"name":"wp","href":"https:\/\/api.w.org\/{rel}","templated":true}]}}