{"id":13066,"date":"2022-04-09T10:58:00","date_gmt":"2022-04-09T08:58:00","guid":{"rendered":"http:\/\/efg-klinga.de\/home\/?p=13066"},"modified":"2022-04-10T11:32:43","modified_gmt":"2022-04-10T09:32:43","slug":"klingkids-auf-dem-naunhofer-veilchenmarkt","status":"publish","type":"post","link":"https:\/\/efg-klinga.de\/home\/klingkids-auf-dem-naunhofer-veilchenmarkt\/","title":{"rendered":"KlingKids auf dem Naunhofer Veilchenmarkt"},"content":{"rendered":"\t\t<div data-elementor-type=\"wp-post\" data-elementor-id=\"13066\" class=\"elementor elementor-13066\">\n\t\t\t\t\t\t<section class=\"elementor-section elementor-top-section elementor-element elementor-element-6b4b5dd9 elementor-section-boxed elementor-section-height-default elementor-section-height-default\" data-id=\"6b4b5dd9\" data-element_type=\"section\">\n\t\t\t\t\t\t<div class=\"elementor-container elementor-column-gap-default\">\n\t\t\t\t\t<div class=\"elementor-column elementor-col-100 elementor-top-column elementor-element elementor-element-1983761e\" data-id=\"1983761e\" data-element_type=\"column\">\n\t\t\t<div class=\"elementor-widget-wrap elementor-element-populated\">\n\t\t\t\t\t\t<div class=\"elementor-element elementor-element-343bb250 elementor-widget elementor-widget-text-editor\" data-id=\"343bb250\" data-element_type=\"widget\" data-widget_type=\"text-editor.default\">\n\t\t\t\t<div class=\"elementor-widget-container\">\n\t\t\t\t\t\t\t<p>Beim ihrem ersten Auftritt in diesem Jahr zeigten die KlingKids am 9. April auf dem Naunhofer Veilchenmarkt, dass einem selbst das Aprilwetter nicht die Freude am Singen verregnen kann und der Fr\u00fchling auch mit Liedern wie &#8222;Ich lieb den Fr\u00fchling&#8220;, &#8222;Du bist der Fr\u00fchling f\u00fcr mich&#8220; und &#8222;Mercy is falling&#8220; herbeigesungen werden kann. Auch die derzeitige Weltlage besch\u00e4ftigt unsere Kinder &#8211; mit Liedern wie &#8222;Hevenu shalom alechem &#8211; Wir w\u00fcnschen Frieden f\u00fcr alle&#8220; und &#8222;Wir sind Kinder in der einen Welt&#8220; dr\u00fcckten sie unsere gemeinsame Sehnsucht nach Frieden aus. Begleitet wurden die KlingKids von der Kids Band mit Cajon, Cello, Kontrabass, Gitarre und Klarinette.<\/p><p><!-- \/wp:paragraph --><\/p>\t\t\t\t\t\t<\/div>\n\t\t\t\t<\/div>\n\t\t\t\t\t<\/div>\n\t\t<\/div>\n\t\t\t\t\t<\/div>\n\t\t<\/section>\n\t\t\t\t<\/div>\n\t\t","protected":false},"excerpt":{"rendered":"<p>Beim ihrem ersten Auftritt in diesem Jahr zeigten die KlingKids&hellip;<\/p>\n<p> <a class=\"more-link\" href=\"https:\/\/efg-klinga.de\/home\/klingkids-auf-dem-naunhofer-veilchenmarkt\/\">Weiterlesen<\/a><\/p>\n","protected":false},"author":2,"featured_media":13068,"comment_status":"closed","ping_status":"closed","sticky":false,"template":"","format":"standard","meta":{"footnotes":""},"categories":[28],"tags":[],"class_list":{"0":"post-13066","1":"post","2":"type-post","3":"status-publish","4":"format-standard","5":"has-post-thumbnail","7":"category-klingkids"},"_links":{"self":[{"href":"https:\/\/efg-klinga.de\/home\/wp-json\/wp\/v2\/posts\/13066","targetHints":{"allow":["GET"]}}],"collection":[{"href":"https:\/\/efg-klinga.de\/home\/wp-json\/wp\/v2\/posts"}],"about":[{"href":"https:\/\/efg-klinga.de\/home\/wp-json\/wp\/v2\/types\/post"}],"author":[{"embeddable":true,"href":"https:\/\/efg-klinga.de\/home\/wp-json\/wp\/v2\/users\/2"}],"replies":[{"embeddable":true,"href":"https:\/\/efg-klinga.de\/home\/wp-json\/wp\/v2\/comments?post=13066"}],"version-history":[{"count":5,"href":"https:\/\/efg-klinga.de\/home\/wp-json\/wp\/v2\/posts\/13066\/revisions"}],"predecessor-version":[{"id":13074,"href":"https:\/\/efg-klinga.de\/home\/wp-json\/wp\/v2\/posts\/13066\/revisions\/13074"}],"wp:featuredmedia":[{"embeddable":true,"href":"https:\/\/efg-klinga.de\/home\/wp-json\/wp\/v2\/media\/13068"}],"wp:attachment":[{"href":"https:\/\/efg-klinga.de\/home\/wp-json\/wp\/v2\/media?parent=13066"}],"wp:term":[{"taxonomy":"category","embeddable":true,"href":"https:\/\/efg-klinga.de\/home\/wp-json\/wp\/v2\/categories?post=13066"},{"taxonomy":"post_tag","embeddable":true,"href":"https:\/\/efg-klinga.de\/home\/wp-json\/wp\/v2\/tags?post=13066"}],"curies":[{"name":"wp","href":"https:\/\/api.w.org\/{rel}","templated":true}]}}