{"id":12675,"date":"2021-09-19T15:38:00","date_gmt":"2021-09-19T13:38:00","guid":{"rendered":"http:\/\/efg-klinga.de\/home\/?p=12675"},"modified":"2021-10-26T14:43:28","modified_gmt":"2021-10-26T12:43:28","slug":"gospelworkshop-mit-chris-lass-2021","status":"publish","type":"post","link":"https:\/\/efg-klinga.de\/home\/gospelworkshop-mit-chris-lass-2021\/","title":{"rendered":"Gospelworkshop mit Chris Lass 2021"},"content":{"rendered":"\t\t<div data-elementor-type=\"wp-post\" data-elementor-id=\"12675\" class=\"elementor elementor-12675\">\n\t\t\t\t\t\t<section class=\"elementor-section elementor-top-section elementor-element elementor-element-7108cfa5 elementor-section-boxed elementor-section-height-default elementor-section-height-default\" data-id=\"7108cfa5\" data-element_type=\"section\">\n\t\t\t\t\t\t<div class=\"elementor-container elementor-column-gap-default\">\n\t\t\t\t\t<div class=\"elementor-column elementor-col-100 elementor-top-column elementor-element elementor-element-1ff6a5bf\" data-id=\"1ff6a5bf\" data-element_type=\"column\">\n\t\t\t<div class=\"elementor-widget-wrap elementor-element-populated\">\n\t\t\t\t\t\t<div class=\"elementor-element elementor-element-790594fa elementor-widget elementor-widget-text-editor\" data-id=\"790594fa\" data-element_type=\"widget\" data-widget_type=\"text-editor.default\">\n\t\t\t\t<div class=\"elementor-widget-container\">\n\t\t\t\t\t\t\t<p>Es war bereits der sechste Gospelworkshop, den die KlingSingers organisierten, und auch Chris Lass ist uns kein Unbekannter \u2013 bereits im M\u00e4rz 2018 und November 2019 hat er jeweils mit 80-100 S\u00e4ngern einen intensiven, wunderbaren und ber\u00fchrenden Workshoptag durchgef\u00fchrt.<\/p><p>Als S\u00e4nger, Komponist, Chorleiter und Produzent tourt er regelm\u00e4\u00dfig durch Deutschland und \u00fcber die Landesgrenzen hinaus. Er geh\u00f6rt zu den Gefragtesten der Szene und sang bereits mit mehr als 100.000 S\u00e4nger\/innen seine Songs, die von Norwegen \u00fcber S\u00fcdamerika bis nach Klinga von Ch\u00f6ren interpretiert werden.<\/p><p>Dank der niedrigen Inzidenzen im September, unseres Hygienekonzeptes und der 3G-Regelung war es uns sogar erlaubt, \u201ewie fr\u00fcher\u201c ohne Abst\u00e4nde zu singen. Einen ganzen Tag lang \u00fcbten wir fetzige und einf\u00fchlsame Gospelsongs von Chris ein und erlebten einen fantastischen Tag in den R\u00e4umen der Elim-Gemeinde Grimma.<\/p><p>Wir freuen uns, dass der Workshop dank einer Kulturf\u00f6rderung des Landkreises Leipzig 2021 auch unter schwierigen organisatorischen Bedingungen und pandemiebedingt mit weniger Teilnehmern stattfinden konnte. So profitierten nicht nur S\u00e4nger der KlingSingers von diesem besonderen Workshop, sondern auch etliche Einzelpersonen aus dem Landkreis, die nach der langen coronabedingten Durststrecke f\u00fcr Ch\u00f6re endlich wieder ihre Stimme einsetzen und trainieren konnten.<\/p><p><!-- \/wp:paragraph --><\/p>\t\t\t\t\t\t<\/div>\n\t\t\t\t<\/div>\n\t\t\t\t<div class=\"elementor-element elementor-element-bc3c4d7 elementor-arrows-position-inside elementor-pagination-position-outside elementor-widget elementor-widget-image-carousel\" data-id=\"bc3c4d7\" data-element_type=\"widget\" data-settings=\"{&quot;navigation&quot;:&quot;both&quot;,&quot;autoplay&quot;:&quot;yes&quot;,&quot;pause_on_hover&quot;:&quot;yes&quot;,&quot;pause_on_interaction&quot;:&quot;yes&quot;,&quot;autoplay_speed&quot;:5000,&quot;infinite&quot;:&quot;yes&quot;,&quot;speed&quot;:500}\" data-widget_type=\"image-carousel.default\">\n\t\t\t\t<div class=\"elementor-widget-container\">\n\t\t\t\t\t<div class=\"elementor-image-carousel-wrapper swiper\" dir=\"ltr\">\n\t\t\t<div class=\"elementor-image-carousel swiper-wrapper\" aria-live=\"off\">\n\t\t\t\t\t\t\t\t<div class=\"swiper-slide\" role=\"group\" aria-roledescription=\"slide\" aria-label=\"1 von 4\"><figure class=\"swiper-slide-inner\"><img decoding=\"async\" class=\"swiper-slide-image\" src=\"https:\/\/efg-klinga.de\/wp-content\/uploads\/2021\/10\/IMG-20210918-WA0010-150x150.jpg\" alt=\"IMG-20210918-WA0010\" \/><\/figure><\/div><div class=\"swiper-slide\" role=\"group\" aria-roledescription=\"slide\" aria-label=\"2 von 4\"><figure class=\"swiper-slide-inner\"><img decoding=\"async\" class=\"swiper-slide-image\" src=\"https:\/\/efg-klinga.de\/wp-content\/uploads\/2021\/10\/IMG-20210918-WA0011-150x150.jpg\" alt=\"IMG-20210918-WA0011\" \/><\/figure><\/div><div class=\"swiper-slide\" role=\"group\" aria-roledescription=\"slide\" aria-label=\"3 von 4\"><figure class=\"swiper-slide-inner\"><img decoding=\"async\" class=\"swiper-slide-image\" src=\"https:\/\/efg-klinga.de\/wp-content\/uploads\/2021\/10\/IMG-20210918-WA0012-150x150.jpg\" alt=\"IMG-20210918-WA0012\" \/><\/figure><\/div><div class=\"swiper-slide\" role=\"group\" aria-roledescription=\"slide\" aria-label=\"4 von 4\"><figure class=\"swiper-slide-inner\"><img decoding=\"async\" class=\"swiper-slide-image\" src=\"https:\/\/efg-klinga.de\/wp-content\/uploads\/2021\/10\/IMG-20210918-WA0020-150x150.jpg\" alt=\"IMG-20210918-WA0020\" \/><\/figure><\/div>\t\t\t<\/div>\n\t\t\t\t\t\t\t\t\t\t\t\t<div class=\"elementor-swiper-button elementor-swiper-button-prev\" role=\"button\" tabindex=\"0\">\n\t\t\t\t\t\t<i aria-hidden=\"true\" class=\"eicon-chevron-left\"><\/i>\t\t\t\t\t<\/div>\n\t\t\t\t\t<div class=\"elementor-swiper-button elementor-swiper-button-next\" role=\"button\" tabindex=\"0\">\n\t\t\t\t\t\t<i aria-hidden=\"true\" class=\"eicon-chevron-right\"><\/i>\t\t\t\t\t<\/div>\n\t\t\t\t\n\t\t\t\t\t\t\t\t\t<div class=\"swiper-pagination\"><\/div>\n\t\t\t\t\t\t\t\t\t<\/div>\n\t\t\t\t<\/div>\n\t\t\t\t<\/div>\n\t\t\t\t\t<\/div>\n\t\t<\/div>\n\t\t\t\t\t<\/div>\n\t\t<\/section>\n\t\t\t\t<\/div>\n\t\t","protected":false},"excerpt":{"rendered":"<p>Es war bereits der sechste Gospelworkshop, den die KlingSingers organisierten,&hellip;<\/p>\n<p> <a class=\"more-link\" href=\"https:\/\/efg-klinga.de\/home\/gospelworkshop-mit-chris-lass-2021\/\">Weiterlesen<\/a><\/p>\n","protected":false},"author":2,"featured_media":12677,"comment_status":"closed","ping_status":"closed","sticky":false,"template":"","format":"standard","meta":{"footnotes":""},"categories":[29],"tags":[],"class_list":{"0":"post-12675","1":"post","2":"type-post","3":"status-publish","4":"format-standard","5":"has-post-thumbnail","7":"category-klingsingers"},"_links":{"self":[{"href":"https:\/\/efg-klinga.de\/home\/wp-json\/wp\/v2\/posts\/12675","targetHints":{"allow":["GET"]}}],"collection":[{"href":"https:\/\/efg-klinga.de\/home\/wp-json\/wp\/v2\/posts"}],"about":[{"href":"https:\/\/efg-klinga.de\/home\/wp-json\/wp\/v2\/types\/post"}],"author":[{"embeddable":true,"href":"https:\/\/efg-klinga.de\/home\/wp-json\/wp\/v2\/users\/2"}],"replies":[{"embeddable":true,"href":"https:\/\/efg-klinga.de\/home\/wp-json\/wp\/v2\/comments?post=12675"}],"version-history":[{"count":8,"href":"https:\/\/efg-klinga.de\/home\/wp-json\/wp\/v2\/posts\/12675\/revisions"}],"predecessor-version":[{"id":12772,"href":"https:\/\/efg-klinga.de\/home\/wp-json\/wp\/v2\/posts\/12675\/revisions\/12772"}],"wp:featuredmedia":[{"embeddable":true,"href":"https:\/\/efg-klinga.de\/home\/wp-json\/wp\/v2\/media\/12677"}],"wp:attachment":[{"href":"https:\/\/efg-klinga.de\/home\/wp-json\/wp\/v2\/media?parent=12675"}],"wp:term":[{"taxonomy":"category","embeddable":true,"href":"https:\/\/efg-klinga.de\/home\/wp-json\/wp\/v2\/categories?post=12675"},{"taxonomy":"post_tag","embeddable":true,"href":"https:\/\/efg-klinga.de\/home\/wp-json\/wp\/v2\/tags?post=12675"}],"curies":[{"name":"wp","href":"https:\/\/api.w.org\/{rel}","templated":true}]}}