{"id":12531,"date":"2021-03-30T00:00:11","date_gmt":"2021-03-29T22:00:11","guid":{"rendered":"http:\/\/efg-klinga.de\/home\/?p=12531"},"modified":"2021-10-25T13:50:12","modified_gmt":"2021-10-25T11:50:12","slug":"osterbrunchhome-2021","status":"publish","type":"post","link":"https:\/\/efg-klinga.de\/home\/osterbrunchhome-2021\/","title":{"rendered":"Osterbrunch@home 2021"},"content":{"rendered":"\t\t<div data-elementor-type=\"wp-post\" data-elementor-id=\"12531\" class=\"elementor elementor-12531\">\n\t\t\t\t\t\t<section class=\"elementor-section elementor-top-section elementor-element elementor-element-90156ed elementor-section-boxed elementor-section-height-default elementor-section-height-default\" data-id=\"90156ed\" data-element_type=\"section\">\n\t\t\t\t\t\t<div class=\"elementor-container elementor-column-gap-default\">\n\t\t\t\t\t<div class=\"elementor-column elementor-col-100 elementor-top-column elementor-element elementor-element-cbe9b4e\" data-id=\"cbe9b4e\" data-element_type=\"column\">\n\t\t\t<div class=\"elementor-widget-wrap elementor-element-populated\">\n\t\t\t\t\t\t<div class=\"elementor-element elementor-element-3432fe3 elementor-widget elementor-widget-text-editor\" data-id=\"3432fe3\" data-element_type=\"widget\" data-widget_type=\"text-editor.default\">\n\t\t\t\t<div class=\"elementor-widget-container\">\n\t\t\t\t\t\t\t<p>Bereits zum zweiten Mal hindert uns die Pandemie daran, den traditionellen Osterbrunch mit \u00fcber 100 Teilnehmern im Dorfgemeinschaftszentrum Klinga zu feiern. Doch dieses Jahr waren wir gut vorbereitet. Viele flei\u00dfige H\u00e4nde haben in liebevoller, langer Arbeit ein Osterbrunch@home-Paket geschn\u00fcrt, mit dem wir &#8211; wenn schon nicht zusammen &#8211; dennoch gemeinsam Ostern als Fest der Hoffnung feiern k\u00f6nnen.<\/p><p>Auch die LVZ berichtet:<\/p>\t\t\t\t\t\t<\/div>\n\t\t\t\t<\/div>\n\t\t\t\t<div class=\"elementor-element elementor-element-b60fce6 elementor-widget elementor-widget-image\" data-id=\"b60fce6\" data-element_type=\"widget\" data-widget_type=\"image.default\">\n\t\t\t\t<div class=\"elementor-widget-container\">\n\t\t\t\t\t\t\t\t\t\t\t\t\t<img fetchpriority=\"high\" decoding=\"async\" width=\"567\" height=\"577\" src=\"https:\/\/efg-klinga.de\/wp-content\/uploads\/2021\/03\/ArtikelLVZ.png\" class=\"attachment-large size-large wp-image-12542\" alt=\"\" srcset=\"https:\/\/efg-klinga.de\/wp-content\/uploads\/2021\/03\/ArtikelLVZ.png 567w, https:\/\/efg-klinga.de\/wp-content\/uploads\/2021\/03\/ArtikelLVZ-295x300.png 295w\" sizes=\"(max-width: 567px) 100vw, 567px\" \/>\t\t\t\t\t\t\t\t\t\t\t\t\t<\/div>\n\t\t\t\t<\/div>\n\t\t\t\t<div class=\"elementor-element elementor-element-d2a7ec7 elementor-widget elementor-widget-text-editor\" data-id=\"d2a7ec7\" data-element_type=\"widget\" data-widget_type=\"text-editor.default\">\n\t\t\t\t<div class=\"elementor-widget-container\">\n\t\t\t\t\t\t\t<p>\u00dcber die beschriebenen Angebote hinaus haben sich auch viele Familien und Einzelpersonen dazu bereiterkl\u00e4rt, ihren Gartenzaun als Stationen eines Osterspaziergangs zur Verf\u00fcgung zu stellen. Der Spaziergang f\u00fchrt durchs ganze Dorf und bietet verschiedene Aktionen, Gedanken und Informationen rund um das Osterfest.<\/p>\t\t\t\t\t\t<\/div>\n\t\t\t\t<\/div>\n\t\t\t\t\t<\/div>\n\t\t<\/div>\n\t\t\t\t\t<\/div>\n\t\t<\/section>\n\t\t\t\t<\/div>\n\t\t","protected":false},"excerpt":{"rendered":"<p>Bereits zum zweiten Mal hindert uns die Pandemie daran, den&hellip;<\/p>\n<p> <a class=\"more-link\" href=\"https:\/\/efg-klinga.de\/home\/osterbrunchhome-2021\/\">Weiterlesen<\/a><\/p>\n","protected":false},"author":2,"featured_media":12543,"comment_status":"closed","ping_status":"closed","sticky":false,"template":"","format":"standard","meta":{"footnotes":""},"categories":[28,29],"tags":[],"class_list":{"0":"post-12531","1":"post","2":"type-post","3":"status-publish","4":"format-standard","5":"has-post-thumbnail","7":"category-klingkids","8":"category-klingsingers"},"_links":{"self":[{"href":"https:\/\/efg-klinga.de\/home\/wp-json\/wp\/v2\/posts\/12531","targetHints":{"allow":["GET"]}}],"collection":[{"href":"https:\/\/efg-klinga.de\/home\/wp-json\/wp\/v2\/posts"}],"about":[{"href":"https:\/\/efg-klinga.de\/home\/wp-json\/wp\/v2\/types\/post"}],"author":[{"embeddable":true,"href":"https:\/\/efg-klinga.de\/home\/wp-json\/wp\/v2\/users\/2"}],"replies":[{"embeddable":true,"href":"https:\/\/efg-klinga.de\/home\/wp-json\/wp\/v2\/comments?post=12531"}],"version-history":[{"count":10,"href":"https:\/\/efg-klinga.de\/home\/wp-json\/wp\/v2\/posts\/12531\/revisions"}],"predecessor-version":[{"id":12549,"href":"https:\/\/efg-klinga.de\/home\/wp-json\/wp\/v2\/posts\/12531\/revisions\/12549"}],"wp:featuredmedia":[{"embeddable":true,"href":"https:\/\/efg-klinga.de\/home\/wp-json\/wp\/v2\/media\/12543"}],"wp:attachment":[{"href":"https:\/\/efg-klinga.de\/home\/wp-json\/wp\/v2\/media?parent=12531"}],"wp:term":[{"taxonomy":"category","embeddable":true,"href":"https:\/\/efg-klinga.de\/home\/wp-json\/wp\/v2\/categories?post=12531"},{"taxonomy":"post_tag","embeddable":true,"href":"https:\/\/efg-klinga.de\/home\/wp-json\/wp\/v2\/tags?post=12531"}],"curies":[{"name":"wp","href":"https:\/\/api.w.org\/{rel}","templated":true}]}}